{"id":445,"date":"2022-02-27T22:10:53","date_gmt":"2022-02-27T21:10:53","guid":{"rendered":"https:\/\/rallyvelenje.si\/?p=445"},"modified":"2025-02-26T10:06:40","modified_gmt":"2025-02-26T09:06:40","slug":"letna-skupscina","status":"publish","type":"post","link":"https:\/\/rallyvelenje.si\/en\/2022\/02\/27\/letna-skupscina\/","title":{"rendered":"Letna skup\u0161\u010dina"},"content":{"rendered":"<p>Letna skup\u0161\u010dina bo 12. 3. 2022 v klubskih prostorih. Z njo pri\u010dnemo takoj po kon\u010danem izobra\u017eevanju. Prosimo za udele\u017ebo v \u010dim ve\u010djem \u0161tevilu. <br><br>Lep \u0161porten pozdrav,<br>AMTK Velenje<\/p>","protected":false},"excerpt":{"rendered":"<p>Letna skup\u0161\u010dina bo 12. 3. 2022 v klubskih prostorih. Z njo pri\u010dnemo takoj po kon\u010danem izobra\u017eevanju. Prosimo za udele\u017ebo v \u010dim ve\u010djem \u0161tevilu. Lep \u0161porten pozdrav,AMTK Velenje<\/p>","protected":false},"author":1,"featured_media":0,"comment_status":"closed","ping_status":"open","sticky":false,"template":"","format":"standard","meta":{"neve_meta_sidebar":"","neve_meta_container":"","neve_meta_enable_content_width":"","neve_meta_content_width":0,"neve_meta_title_alignment":"","neve_meta_author_avatar":"","neve_post_elements_order":"","neve_meta_disable_header":"","neve_meta_disable_footer":"","neve_meta_disable_title":""},"categories":[4],"tags":[],"_links":{"self":[{"href":"https:\/\/rallyvelenje.si\/en\/wp-json\/wp\/v2\/posts\/445"}],"collection":[{"href":"https:\/\/rallyvelenje.si\/en\/wp-json\/wp\/v2\/posts"}],"about":[{"href":"https:\/\/rallyvelenje.si\/en\/wp-json\/wp\/v2\/types\/post"}],"author":[{"embeddable":true,"href":"https:\/\/rallyvelenje.si\/en\/wp-json\/wp\/v2\/users\/1"}],"replies":[{"embeddable":true,"href":"https:\/\/rallyvelenje.si\/en\/wp-json\/wp\/v2\/comments?post=445"}],"version-history":[{"count":1,"href":"https:\/\/rallyvelenje.si\/en\/wp-json\/wp\/v2\/posts\/445\/revisions"}],"predecessor-version":[{"id":446,"href":"https:\/\/rallyvelenje.si\/en\/wp-json\/wp\/v2\/posts\/445\/revisions\/446"}],"wp:attachment":[{"href":"https:\/\/rallyvelenje.si\/en\/wp-json\/wp\/v2\/media?parent=445"}],"wp:term":[{"taxonomy":"category","embeddable":true,"href":"https:\/\/rallyvelenje.si\/en\/wp-json\/wp\/v2\/categories?post=445"},{"taxonomy":"post_tag","embeddable":true,"href":"https:\/\/rallyvelenje.si\/en\/wp-json\/wp\/v2\/tags?post=445"}],"curies":[{"name":"wp","href":"https:\/\/api.w.org\/{rel}","templated":true}]}}